{"id":4945,"date":"2026-09-03T17:15:30","date_gmt":"2026-09-03T17:15:30","guid":{"rendered":"https:\/\/relaxinc.ch\/pourquoi-la-sieste-seduit-elle-les-campus\/"},"modified":"2026-09-03T17:22:03","modified_gmt":"2026-09-03T17:22:03","slug":"pourquoi-la-sieste-seduit-elle-les-campus","status":"publish","type":"post","link":"https:\/\/relaxinc.ch\/fr\/pourquoi-la-sieste-seduit-elle-les-campus\/","title":{"rendered":"Pourquoi la sieste s\u00e9duit-elle les campus ?"},"content":{"rendered":"<div class=\"fusion-fullwidth fullwidth-box fusion-builder-row-1 fusion-flex-container nonhundred-percent-fullwidth non-hundred-percent-height-scrolling\" style=\"--awb-border-radius-top-left:0px;--awb-border-radius-top-right:0px;--awb-border-radius-bottom-right:0px;--awb-border-radius-bottom-left:0px;--awb-flex-wrap:wrap;\" ><div class=\"fusion-builder-row fusion-row fusion-flex-align-items-flex-start fusion-flex-content-wrap\" style=\"max-width:1331.2px;margin-left: calc(-4% \/ 2 );margin-right: calc(-4% \/ 2 );\"><div class=\"fusion-layout-column fusion_builder_column fusion-builder-column-0 fusion_builder_column_1_1 1_1 fusion-flex-column\" style=\"--awb-bg-size:cover;--awb-width-large:100%;--awb-margin-top-large:0px;--awb-spacing-right-large:1.92%;--awb-margin-bottom-large:0px;--awb-spacing-left-large:1.92%;--awb-width-medium:100%;--awb-spacing-right-medium:1.92%;--awb-spacing-left-medium:1.92%;--awb-width-small:100%;--awb-spacing-right-small:1.92%;--awb-spacing-left-small:1.92%;\"><div class=\"fusion-column-wrapper fusion-flex-justify-content-flex-start fusion-content-layout-column\"><div class=\"fusion-text fusion-text-1\"><h1 style=\"text-align: center;\"><strong><span style=\"color: #7bad02;\">Pourquoi la sieste s\u00e9duit-elle les campus ?<\/span><\/strong><\/h1>\n<p><img decoding=\"async\" class=\"size-full wp-image-4940 aligncenter\" src=\"https:\/\/relaxinc.ch\/wp-content\/uploads\/2026\/09\/720x780-5.png\" alt=\"\" width=\"800\" height=\"600\" srcset=\"https:\/\/relaxinc.ch\/wp-content\/uploads\/2026\/09\/720x780-5-200x150.png 200w, https:\/\/relaxinc.ch\/wp-content\/uploads\/2026\/09\/720x780-5-300x225.png 300w, https:\/\/relaxinc.ch\/wp-content\/uploads\/2026\/09\/720x780-5-400x300.png 400w, https:\/\/relaxinc.ch\/wp-content\/uploads\/2026\/09\/720x780-5-600x450.png 600w, https:\/\/relaxinc.ch\/wp-content\/uploads\/2026\/09\/720x780-5-768x576.png 768w, https:\/\/relaxinc.ch\/wp-content\/uploads\/2026\/09\/720x780-5.png 800w\" sizes=\"(max-width: 800px) 100vw, 800px\" \/><\/p>\n<p><span style=\"color: #000000;\">Apr\u00e8s plusieurs semaines de pause, les \u00e9tudiants replongent dans un quotidien intense : cours, travaux de groupe, r\u00e9visions\u2026 Le rythme s\u2019acc\u00e9l\u00e8re rapidement, tandis que la r\u00e9cup\u00e9ration passe souvent au second plan.<\/span><\/p>\n<p><span style=\"color: #000000;\">Horaires d\u00e9cal\u00e9s, r\u00e9visions tardives, stress des examens et rythme de vie irr\u00e9gulier : le cerveau est constamment sollicit\u00e9. Pourtant, lui aussi a besoin de pauses pour rester performant.<\/span><\/p>\n<p><span style=\"color: #000000;\">En 2022, une enqu\u00eate men\u00e9e \u00e0 l\u2019<a style=\"color: #000000;\" href=\"https:\/\/www.rts.ch\/info\/sante\/2026\/article\/burn-out-academique-quand-la-performance-mine-l-estime-de-soi-29249184.html\">EPFL<\/a> r\u00e9v\u00e9lait que plus de la moiti\u00e9 des \u00e9tudiants pr\u00e9sentaient au moins un sympt\u00f4me de burn-out.<\/span><\/p>\n<p><span style=\"color: #000000;\">Sur les campus, une nouvelle question se pose donc : <strong>comment permettre aux \u00e9tudiants de mieux r\u00e9cup\u00e9rer au cours de leur journ\u00e9e ?<\/strong><\/span><\/p>\n<p><span style=\"color: #000000;\">C\u2019est dans ce contexte que la micro-sieste commence \u00e0 trouver sa place dans les \u00e9tablissements scolaires, comme une solution pour offrir un temps de r\u00e9cup\u00e9ration.<\/span><\/p>\n<h3><\/h3>\n<h3><span style=\"color: #7bad02;\"><strong>Le cerveau a besoin de r\u00e9cup\u00e9rer<\/strong><\/span><\/h3>\n<p><span style=\"color: #000000;\">Une journ\u00e9e d\u2019\u00e9tudes ne consiste pas simplement \u00e0 \u00e9couter des cours. En permanence, le cerveau analyse, trie, m\u00e9morise et traite en continu de nouvelles informations.<\/span><\/p>\n<p><span style=\"color: #000000;\">Mais peut-il r\u00e9ellement maintenir un niveau de concentration \u00e9lev\u00e9 pendant plusieurs heures sans interruption ? <strong>Pas ind\u00e9finiment.<\/strong> Lorsque l\u2019effort mental se prolonge, la fatigue cognitive s\u2019installe progressivement. L\u2019attention devient plus difficile \u00e0 maintenir et les capacit\u00e9s d\u2019apprentissage diminuent.<\/span><\/p>\n<p><span style=\"color: #000000;\">Une \u00e9tude publi\u00e9e dans <em>Current Biology<\/em> montre notamment qu\u2019un effort intellectuel prolong\u00e9 entra\u00eene une accumulation de glutamate dans le cortex pr\u00e9frontal, une r\u00e9gion du cerveau impliqu\u00e9e dans la concentration, le raisonnement et la prise de d\u00e9cision.<\/span><\/p>\n<p><span style=\"color: #000000;\">Cette accumulation constitue un v\u00e9ritable signal d\u2019alerte. Le cerveau r\u00e9duit alors son activit\u00e9 afin d\u2019\u00e9viter la surcharge et de pr\u00e9server son bon fonctionnement.<\/span><\/p>\n<p><span style=\"color: #000000;\">Une chose devient alors \u00e9vidente : <strong>pour rester efficaces, les \u00e9l\u00e8ves ont besoin de moments de r\u00e9cup\u00e9ration.<\/strong><\/span><\/p>\n<h3><span style=\"color: #7bad02;\"><strong>Une courte pause pour mieux repartir<\/strong><\/span><\/h3>\n<p><span style=\"color: #000000;\">Une micro-sieste de 10 \u00e0 20 minutes permet de cr\u00e9er une coupure, sans empi\u00e9ter sur le temps consacr\u00e9 aux \u00e9tudes.<\/span><\/p>\n<p><span style=\"color: #000000;\">Plusieurs travaux scientifiques montrent que quelques minutes de sommeil peuvent am\u00e9liorer la vigilance et l\u2019attention. Elles peuvent \u00e9galement aider le cerveau \u00e0 r\u00e9cup\u00e9rer apr\u00e8s une p\u00e9riode de forte sollicitation mentale et \u00e0 restaurer certaines capacit\u00e9s cognitives.<\/span><\/p>\n<p><span style=\"color: #000000;\">La sieste peut aussi soutenir la m\u00e9moire. Le sommeil joue un r\u00f4le essentiel dans la consolidation des informations nouvellement apprises, en permettant \u00e0 l\u2019esprit de mieux les traiter et les int\u00e9grer.<\/span><\/p>\n<p><span style=\"color: #000000;\">Quelques minutes peuvent donc faire la diff\u00e9rence : une power nap, c\u2019est l\u2019occasion de faire une pause pour mieux repartir, avec davantage d\u2019\u00e9nergie pour la suite de la journ\u00e9e.<\/span><\/p>\n<h3><span style=\"color: #7bad02;\"><strong>Pourquoi les campus s\u2019y int\u00e9ressent-ils ?<\/strong><\/span><\/h3>\n<p><span style=\"color: #000000;\">Entre deux cours, avant une session de r\u00e9vision ou apr\u00e8s plusieurs heures pass\u00e9es \u00e0 la biblioth\u00e8que, les \u00e9tudiants disposent rarement d\u2019un v\u00e9ritable espace pour faire une pause.<\/span><\/p>\n<p><span style=\"color: #000000;\">Les campus commencent donc \u00e0 repenser leurs espaces pour int\u00e9grer davantage le bien-\u00eatre dans l\u2019exp\u00e9rience \u00e9tudiante.<\/span><\/p>\n<p><span style=\"color: #000000;\">Zones de d\u00e9tente, espaces calmes ou salles de repos : l\u2019objectif est simple, permettre aux \u00e9tudiants de faire une v\u00e9ritable coupure sans avoir \u00e0 quitter le campus.<\/span><\/p>\n<p><span style=\"color: #000000;\">Le <strong><span style=\"color: #0000ff;\"><a style=\"color: #0000ff;\" href=\"https:\/\/relaxinc.ch\/fr\/portfolio\/napup-fauteuil-de-sieste\/\">Nap&amp;Up<\/a><\/span><\/strong> est particuli\u00e8rement adapt\u00e9 \u00e0 cet usage, car il permet aux \u00e9tudiants de s\u2019accorder une v\u00e9ritable pause dans un environnement con\u00e7u pour favoriser la r\u00e9cup\u00e9ration. Install\u00e9 directement sur le campus, il rend la sieste facilement accessible, tout en cr\u00e9ant un espace d\u00e9di\u00e9 au repos.<\/span><\/p>\n<p><span style=\"color: #000000;\">Car faire une pause, ce n\u2019est pas perdre du temps. C\u2019est offrir au cerveau le temps de r\u00e9cup\u00e9rer pour repartir dans de meilleures conditions.<\/span><\/p>\n<h3><span style=\"color: #7bad02;\"><strong>La r\u00e9cup\u00e9ration au service des apprentissages<\/strong><\/span><\/h3>\n<p><span style=\"color: #000000;\">La micro-sieste ne remplace ni le sommeil nocturne ni une organisation \u00e9quilibr\u00e9e du travail. Elle peut toutefois s\u2019int\u00e9grer dans le rythme quotidien des \u00e9tudiants en offrant une parenth\u00e8se de repos au c\u0153ur d\u2019une journ\u00e9e intense.<\/span><\/p>\n<p><span style=\"color: #000000;\">La power nap peut notamment contribuer \u00e0 :<\/span><\/p>\n<ul>\n<li><span style=\"color: #000000;\"><strong>Am\u00e9liorer l\u2019attention et la concentration<\/strong><\/span><br \/>\n<span style=\"color: #000000;\">Apr\u00e8s plusieurs heures de cours ou de r\u00e9visions, une pause permet de prendre du recul et de revenir plus disponible.<\/span><\/li>\n<\/ul>\n<ul>\n<li><span style=\"color: #000000;\"><strong>Favoriser la m\u00e9morisation des apprentissages<\/strong><\/span><br \/>\n<span style=\"color: #000000;\">Une courte sieste peut accompagner le travail d\u2019assimilation et de m\u00e9morisation des informations \u00e9tudi\u00e9es.<\/span><\/li>\n<\/ul>\n<ul>\n<li><span style=\"color: #000000;\"><strong>R\u00e9duire la charge mentale et le stress<\/strong><\/span><br \/>\n<span style=\"color: #000000;\">S\u2019accorder un v\u00e9ritable temps de repos permet de rompre avec le rythme soutenu des \u00e9tudes et d\u2019offrir au cerveau un moment de d\u00e9connexion.<\/span><\/li>\n<\/ul>\n<ul>\n<li><span style=\"color: #000000;\"><strong>Soutenir l\u2019efficacit\u00e9 et la r\u00e9ussite scolaire<\/strong><\/span><br \/>\n<span style=\"color: #000000;\">En permettant de retrouver davantage de disponibilit\u00e9 mentale, la micro-sieste peut cr\u00e9er de meilleures conditions pour apprendre efficacement et optimiser les performances acad\u00e9miques.<\/span><\/li>\n<\/ul>\n<h3><span style=\"color: #000000;\"><strong><span style=\"color: #7bad02;\">Conclusion<\/span> <\/strong><\/span><\/h3>\n<p><span style=\"color: #000000;\">La rentr\u00e9e marque le retour des cours et des d\u00e9fis acad\u00e9miques, mais elle peut aussi \u00eatre l\u2019occasion de repenser la mani\u00e8re dont les \u00e9tudiants prennent soin de leur \u00e9nergie.<\/span><\/p>\n<p><span style=\"color: #000000;\">La micro-sieste pourrait ainsi trouver naturellement sa place sur les campus : comme <strong>un v\u00e9ritable outil de r\u00e9cup\u00e9ration au service de l\u2019apprentissage et du bien-\u00eatre \u00e9tudiant.<\/strong><\/span><\/p>\n<p><span style=\"color: #000000;\"><strong>\u00a0<\/strong><\/span><\/p>\n<\/div><\/div><\/div><\/div><\/div>\n","protected":false},"excerpt":{"rendered":"","protected":false},"author":3,"featured_media":4940,"comment_status":"open","ping_status":"open","sticky":false,"template":"","format":"standard","meta":{"_uf_show_specific_survey":0,"_uf_disable_surveys":false,"footnotes":""},"categories":[31],"tags":[],"class_list":["post-4945","post","type-post","status-publish","format-standard","has-post-thumbnail","hentry","category-health-wellness"],"aioseo_notices":[],"_links":{"self":[{"href":"https:\/\/relaxinc.ch\/fr\/wp-json\/wp\/v2\/posts\/4945","targetHints":{"allow":["GET"]}}],"collection":[{"href":"https:\/\/relaxinc.ch\/fr\/wp-json\/wp\/v2\/posts"}],"about":[{"href":"https:\/\/relaxinc.ch\/fr\/wp-json\/wp\/v2\/types\/post"}],"author":[{"embeddable":true,"href":"https:\/\/relaxinc.ch\/fr\/wp-json\/wp\/v2\/users\/3"}],"replies":[{"embeddable":true,"href":"https:\/\/relaxinc.ch\/fr\/wp-json\/wp\/v2\/comments?post=4945"}],"version-history":[{"count":6,"href":"https:\/\/relaxinc.ch\/fr\/wp-json\/wp\/v2\/posts\/4945\/revisions"}],"predecessor-version":[{"id":4951,"href":"https:\/\/relaxinc.ch\/fr\/wp-json\/wp\/v2\/posts\/4945\/revisions\/4951"}],"wp:featuredmedia":[{"embeddable":true,"href":"https:\/\/relaxinc.ch\/fr\/wp-json\/wp\/v2\/media\/4940"}],"wp:attachment":[{"href":"https:\/\/relaxinc.ch\/fr\/wp-json\/wp\/v2\/media?parent=4945"}],"wp:term":[{"taxonomy":"category","embeddable":true,"href":"https:\/\/relaxinc.ch\/fr\/wp-json\/wp\/v2\/categories?post=4945"},{"taxonomy":"post_tag","embeddable":true,"href":"https:\/\/relaxinc.ch\/fr\/wp-json\/wp\/v2\/tags?post=4945"}],"curies":[{"name":"wp","href":"https:\/\/api.w.org\/{rel}","templated":true}]}}